{"id":37096,"date":"2024-03-11T14:55:04","date_gmt":"2024-03-11T13:55:04","guid":{"rendered":"https:\/\/barenboim-said.org\/?p=37096"},"modified":"2024-03-13T15:22:07","modified_gmt":"2024-03-13T14:22:07","slug":"premio-erasmo-rotterdam","status":"publish","type":"post","link":"https:\/\/barenboim-said.org\/es\/premio-erasmo-rotterdam\/","title":{"rendered":"La Fundaci\u00f3n recibe el VIII Premio Internacional Humanismo Solidario \u2018Erasmo de Rotterdam\u2019"},"content":{"rendered":"<p>La Fundaci\u00f3n P\u00fablica Andaluza Barenboim-Said ha sido distinguida con el Premio Internacional \u2018Erasmo de Rotterdam\u2019, que concede la <a href=\"https:\/\/www.humanismosolidario.es\/\" target=\"_blank\" rel=\"noopener\">Asociaci\u00f3n Internacional Humanismo Solidario (AIHS)<\/a>, \u201cpor su incansable promoci\u00f3n de los valores human\u00edsticos a trav\u00e9s del lenguaje universal de la m\u00fasica y por su encomiable labor dirigida a la conciliaci\u00f3n entre culturas\u00bb.<\/p>\n<p>El <a href=\"https:\/\/www.juntadeandalucia.es\/organismos\/turismoculturaydeporte\/consejeria\/sgpc.html\" target=\"_blank\" rel=\"noopener\">secretario general para la Cultura<\/a> de la Consejer\u00eda de Turismo, Cultura y Deporte, Jos\u00e9 \u00c1ngel V\u00e9lez, recogi\u00f3 este galard\u00f3n como patrono de la Fundaci\u00f3n Barenboim-Said, adscrita a la Consejer\u00eda de Turismo, Cultura y Deporte, en un acto el martes 12, a las 19.30 horas, en el Sal\u00f3n del Almirante del Real Alc\u00e1zar de Sevilla con entrada es libre hasta completar aforo.<\/p>\n<p>Irene Arriaza, alumna de viol\u00edn de la Academia de Estudios Orquestales, interpret\u00f3 durante el acto el Recitativo y Scherzo-capricho para viol\u00edn solo op. 6, de Fritz Kreisler,<\/p>\n<p>Los miembros de la Junta de Gobierno de la AIHS, considerando un contexto en el que la creaci\u00f3n literaria y el arte en general deben ofrecer respuestas a los problemas sociales, han resuelto conceder este premio en su octava edici\u00f3n a la Fundaci\u00f3n Barenboim-Said \u201cen tanto instituci\u00f3n que desde su fundaci\u00f3n en 2004 es fiel representante y valedora de los principios \u00e9ticos que defiende con ah\u00ednco la AIHS y que, con tanto vigor, ha defendido a lo largo de estos a\u00f1os, como la promoci\u00f3n del esp\u00edritu de paz y la reconciliaci\u00f3n a trav\u00e9s de la m\u00fasica, llevando a cabo proyectos de formaci\u00f3n y cooperaci\u00f3n para el desarrollo en Andaluc\u00eda y en Palestina\u201d.<\/p>\n<p>Por todo ello, as\u00ed como por su \u00abfecunda aportaci\u00f3n humanista desarrollada al margen de las corrientes coyunturales y marcada por su postura vital de contribuir, desde la m\u00fasica, la formaci\u00f3n, la educaci\u00f3n y la cultura, a la consecuci\u00f3n de un mundo mejor y a la consolidaci\u00f3n de los valores de solidaridad, interculturalidad, humanidad, igualdad y dignidad que propugna y reivindica la Asociaci\u00f3n Internacional Humanismo Solidario\u00bb, es por lo que la Fundaci\u00f3n Barenboim-Said ha sido galardonada con este\u00a0VIII Premio Internacional Humanismo Solidario \u2018Erasmo de Rotterdam\u2019.<\/p>\n<p>En anteriores ediciones han sido distinguidos con este premio destacadas personalidades de la cultura y las artes como el escritor y pensador Jos\u00e9 Luis Sampedro, el fil\u00f3sofo Emilio Lled\u00f3, el novelista Jorge Gal\u00e1n, el fil\u00f3sofo y polit\u00f3logo franc\u00e9s Sami Na\u00efr, la directora de teatro y actriz Nuria Espert, la fil\u00f3sofa Amelia Valc\u00e1rcel y el escritor Sergio Ram\u00edrez.<\/p>\n<p>El premio, que carece de dotaci\u00f3n econ\u00f3mica, consiste en la entrega de una talla del escultor cordob\u00e9s Luis M. Garc\u00eda Cruz, aleg\u00f3rica de la figura de Erasmo de Rotterdam, siendo su objetivo poner en valor a las personalidades o instituciones que han destacado por la defensa de los principios de solidaridad, interculturalidad, humanidad, igualdad, dignidad y valores del ser humano en su obra de pensamiento, intelectual, creativa o literaria.<\/p>\n","protected":false},"excerpt":{"rendered":"<p>La Fundaci\u00f3n P\u00fablica Andaluza Barenboim-Said ha sido distinguida con el Premio Internacional \u2018Erasmo de Rotterdam\u2019, que concede la Asociaci\u00f3n Internacional Humanismo Solidario (AIHS), \u201cpor su incansable promoci\u00f3n de los valores human\u00edsticos a trav\u00e9s del lenguaje universal de la m\u00fasica y por su encomiable labor dirigida a la conciliaci\u00f3n entre culturas\u00bb. El secretario general para la [&hellip;]<\/p>\n","protected":false},"author":5,"featured_media":37097,"comment_status":"closed","ping_status":"open","sticky":false,"template":"","format":"standard","meta":{"footnotes":""},"categories":[24],"tags":[136,120,77,75,90,89,107,135,134,106],"class_list":["post-37096","post","type-post","status-publish","format-standard","has-post-thumbnail","hentry","category-sin-categoria","tag-aihs","tag-andalucia","tag-barenboim","tag-concierto","tag-formacion-musical","tag-musica","tag-palestina","tag-premio","tag-premio-erasmo-de-rotterdam","tag-ramala"],"_links":{"self":[{"href":"https:\/\/barenboim-said.org\/es\/wp-json\/wp\/v2\/posts\/37096","targetHints":{"allow":["GET"]}}],"collection":[{"href":"https:\/\/barenboim-said.org\/es\/wp-json\/wp\/v2\/posts"}],"about":[{"href":"https:\/\/barenboim-said.org\/es\/wp-json\/wp\/v2\/types\/post"}],"author":[{"embeddable":true,"href":"https:\/\/barenboim-said.org\/es\/wp-json\/wp\/v2\/users\/5"}],"replies":[{"embeddable":true,"href":"https:\/\/barenboim-said.org\/es\/wp-json\/wp\/v2\/comments?post=37096"}],"version-history":[{"count":0,"href":"https:\/\/barenboim-said.org\/es\/wp-json\/wp\/v2\/posts\/37096\/revisions"}],"wp:featuredmedia":[{"embeddable":true,"href":"https:\/\/barenboim-said.org\/es\/wp-json\/wp\/v2\/media\/37097"}],"wp:attachment":[{"href":"https:\/\/barenboim-said.org\/es\/wp-json\/wp\/v2\/media?parent=37096"}],"wp:term":[{"taxonomy":"category","embeddable":true,"href":"https:\/\/barenboim-said.org\/es\/wp-json\/wp\/v2\/categories?post=37096"},{"taxonomy":"post_tag","embeddable":true,"href":"https:\/\/barenboim-said.org\/es\/wp-json\/wp\/v2\/tags?post=37096"}],"curies":[{"name":"wp","href":"https:\/\/api.w.org\/{rel}","templated":true}]}}