{"id":36167,"date":"2023-11-15T14:37:16","date_gmt":"2023-11-15T13:37:16","guid":{"rendered":"https:\/\/barenboim-said.org\/?p=36167"},"modified":"2023-11-15T14:38:31","modified_gmt":"2023-11-15T13:38:31","slug":"conciertos-otono-2023","status":"publish","type":"post","link":"https:\/\/barenboim-said.org\/es\/conciertos-otono-2023\/","title":{"rendered":"Conciertos de oto\u00f1o"},"content":{"rendered":"<p>La Fundaci\u00f3n Barenboim-Said celebra el oto\u00f1o con dos conciertos de m\u00fasica de c\u00e1mara en la capilla del Palacio de San Telmo: el 22 de noviembre el alumnado de clarinete de la Academia de Estudios Orquestales ofrecer\u00e1 un recital por el D\u00eda de Santa Cecilia, patrona de los m\u00fasicos. Este concierto es gratuito previa reserva, y las invitaciones podr\u00e1n solicitarse <a href=\"https:\/\/barenboim-said.org\/inscripciones-san-telmo\/\">desde el lunes 13 de noviembre a las 10:00 h aqu\u00ed<\/a>. Los int\u00e9rpretes son\u00a0Mar\u00eda Castillo Mora, Jes\u00fas Picardo Amaya, Jos\u00e9 Mu\u00f1oz Rom\u00e1n y Pablo Forte Leyenda, estudiantes en nuestra Academia con <a href=\"https:\/\/barenboim-said.org\/academia-de-estudios-orquestales\/profesorado\/\">el profesor Pablo Barrag\u00e1n, solista internacional de clarinete<\/a>. Les acompa\u00f1ar\u00e1 Juan Escalera Pe\u00f1a al piano.<\/p>\n<p>En este concierto ofrecer\u00e1n el siguiente repertorio:<\/p>\n<p><strong>Felix Mendelssohn Bartholdy<br \/>\n<\/strong>Konzertst\u00fcck n.\u00ba 1 op. 113<\/p>\n<p>Konzertst\u00fcck n.\u00ba 2 op. 114<\/p>\n<p>Sue\u00f1o de una noche de verano<\/p>\n<p><strong>Anton\u00edn Dvo\u0159\u00e1k<br \/>\n<\/strong>Cuarteto n.\u00ba 12 op. 96 en fa mayor \u201cAmericano\u201d<\/p>\n<p><strong>George Gershwin<br \/>\n<\/strong>Rhapsody in Blue<\/p>\n<p>Por otro lado, el 4 de diciembre la Fundaci\u00f3n organiza en conmemoraci\u00f3n del D\u00eda de la Bandera de Andaluc\u00eda un recital de viol\u00edn y piano en la capilla del Palacio de San Telmo a cargo de Mar\u00eda del Mar Jurado, alumna de la Academia donde estudia con Aitor Hevia, miembro del Cuarteto Quiroga, y Miguel Colom, concertino de la Orquesta Nacional de Espa\u00f1a. Las invitaciones para este concierto se podr\u00e1n <a href=\"https:\/\/barenboim-said.org\/inscripciones-san-telmo\/\">solicitar desde el lunes 27 de noviembre a las 10:00 h<\/a>. En este recital se interpretar\u00e1 el siguiente repertorio con el acompa\u00f1amiento de la pianista Natalia Kuchaeva:<\/p>\n<p><strong>Johannes Brahms<br \/>\n<\/strong>Sonata para viol\u00edn y piano op. 100 n.\u00ba 2 en la mayor<\/p>\n<p><strong>Manuel de Falla<br \/>\n<\/strong>Siete canciones populares<\/p>\n<p><strong>Edvard Grieg<br \/>\n<\/strong>Sonata para viol\u00edn y piano op. 13 n.\u00ba 2<\/p>\n<p>Ambos conciertos tendr\u00e1n lugar a las 19:30 h, y para asistir es imprescindible realizar la <a href=\"https:\/\/barenboim-said.org\/inscripciones-san-telmo\/\">reserva de las plazas en esta p\u00e1gina<\/a>.<\/p>\n","protected":false},"excerpt":{"rendered":"<p>La Fundaci\u00f3n Barenboim-Said celebra el oto\u00f1o con dos conciertos de m\u00fasica de c\u00e1mara en la capilla del Palacio de San Telmo: el 22 de noviembre el alumnado de clarinete de la Academia de Estudios Orquestales ofrecer\u00e1 un recital por el D\u00eda de Santa Cecilia, patrona de los m\u00fasicos. Este concierto es gratuito previa reserva, y [&hellip;]<\/p>\n","protected":false},"author":5,"featured_media":36148,"comment_status":"closed","ping_status":"open","sticky":false,"template":"","format":"standard","meta":{"footnotes":""},"categories":[21],"tags":[88,120,77,75,90,89,96,132],"class_list":["post-36167","post","type-post","status-publish","format-standard","has-post-thumbnail","hentry","category-academia-de-estudios-orquestales","tag-actividades","tag-andalucia","tag-barenboim","tag-concierto","tag-formacion-musical","tag-musica","tag-musica-de-camara","tag-san-telmo"],"_links":{"self":[{"href":"https:\/\/barenboim-said.org\/es\/wp-json\/wp\/v2\/posts\/36167","targetHints":{"allow":["GET"]}}],"collection":[{"href":"https:\/\/barenboim-said.org\/es\/wp-json\/wp\/v2\/posts"}],"about":[{"href":"https:\/\/barenboim-said.org\/es\/wp-json\/wp\/v2\/types\/post"}],"author":[{"embeddable":true,"href":"https:\/\/barenboim-said.org\/es\/wp-json\/wp\/v2\/users\/5"}],"replies":[{"embeddable":true,"href":"https:\/\/barenboim-said.org\/es\/wp-json\/wp\/v2\/comments?post=36167"}],"version-history":[{"count":0,"href":"https:\/\/barenboim-said.org\/es\/wp-json\/wp\/v2\/posts\/36167\/revisions"}],"wp:featuredmedia":[{"embeddable":true,"href":"https:\/\/barenboim-said.org\/es\/wp-json\/wp\/v2\/media\/36148"}],"wp:attachment":[{"href":"https:\/\/barenboim-said.org\/es\/wp-json\/wp\/v2\/media?parent=36167"}],"wp:term":[{"taxonomy":"category","embeddable":true,"href":"https:\/\/barenboim-said.org\/es\/wp-json\/wp\/v2\/categories?post=36167"},{"taxonomy":"post_tag","embeddable":true,"href":"https:\/\/barenboim-said.org\/es\/wp-json\/wp\/v2\/tags?post=36167"}],"curies":[{"name":"wp","href":"https:\/\/api.w.org\/{rel}","templated":true}]}}