{"id":35270,"date":"2023-06-19T14:00:50","date_gmt":"2023-06-19T12:00:50","guid":{"rendered":"https:\/\/barenboim-said.org\/?p=35270"},"modified":"2023-07-03T14:46:54","modified_gmt":"2023-07-03T12:46:54","slug":"concierto-blas-infante-y-sus-musicas","status":"publish","type":"post","link":"https:\/\/barenboim-said.org\/es\/concierto-blas-infante-y-sus-musicas\/","title":{"rendered":"Concierto &#8216;Blas Infante y sus m\u00fasicas&#8217;"},"content":{"rendered":"<p>Con motivo del aniversario del nacimiento de Blas Infante (5 de julio de 1885), la <a href=\"https:\/\/www.centrodeestudiosandaluces.es\/\">Fundaci\u00f3n Centro de Estudios Andaluces<\/a> y la Fundaci\u00f3n Blas Infante, en colaboraci\u00f3n con la Fundaci\u00f3n Tres Culturas del Mediterr\u00e1neo y la Fundaci\u00f3n Barenboim-Said, han organizado el ciclo de conciertos <strong>&#8216;Blas Infante y sus m\u00fasicas: flamenco, cl\u00e1sica y andalus\u00ed&#8217;<\/strong>.<\/p>\n<p>El tercero de estos conciertos estar\u00e1 dedicado a la m\u00fasica cl\u00e1sica, y estar\u00e1 protagonizado por alumnado de la Academia de Estudios Orquestales: Mar\u00eda del Mar Jurado y Matilde Bueno (viol\u00edn), Dar\u00edo Francesc Garc\u00eda (viola), \u00c1lvaro Lozano (violonchelo) y Guillermo Ram\u00edrez (piano). Este concierto tendr\u00e1 lugar el <strong><a href=\"https:\/\/www.centrodeestudiosandaluces.es\/cea-actividades\/3945\">mi\u00e9rcoles 28 de junio a las 21:00 horas<\/a><\/strong> en la sede de la Fundaci\u00f3n Tres Culturas del Mediterr\u00e1neo (C\/ Max Planck, 2. Isla de la Cartuja, Sevilla), y el acceso a las instalaciones ser\u00e1 a partir de las 20:30 horas.<\/p>\n<p>El repertorio incluye las piezas <em>La Alouette<\/em> y <em>La Eleg\u00eda<\/em>, de Glinka, <em>El Murci\u00e9lago<\/em> y <em>El Danubio Azul<\/em>, de Johann Strauss y <em>El Caballero de la Rosa<\/em>, de Richard Strauss, entre otras. Las invitaciones para este concierto est\u00e1n ya agotadas.<\/p>\n<p>La propuesta de este ciclo es recuperar el fondo musical de la colecci\u00f3n de discos de pizarra de Blas Infante, custodiada en su biblioteca personal en la Casa de la Alegr\u00eda en Coria del R\u00edo, realizando una selecci\u00f3n de obras que permiten conocer sus variados gustos musicales y disfrutar de piezas de diversos estilos y \u00e9pocas. All\u00ed se conservan cuarenta seis discos de pizarra de doble cara, entre los que destacan grabaciones de flamenco, m\u00fasica cl\u00e1sica y m\u00fasica andalus\u00ed.<\/p>\n<p>Los int\u00e9rpretes de este concierto son alumnos y alumnas de la <a href=\"https:\/\/barenboim-said.org\/academia-de-estudios-orquestales\/\">Academia de Estudios Orquestales<\/a>, proyecto de la Fundaci\u00f3n Barenboim-Said, que durante el curso escolar reciben formaci\u00f3n de perfeccionamiento instrumental y art\u00edstico personalizada, as\u00ed como de m\u00fasica de c\u00e1mara con docentes de reconocido prestigio internacional, como los pianistas Eldar Nebolsin (Hochschule f\u00fcr Musik Hanns Eisler de Berl\u00edn) y Juan P\u00e9rez Florist\u00e1n (solista internacional y primer premio en el Concurso Internacional Arthur Rubinstein); los violinistas Aitor Hevia (Cuarteto Quiroga), Miguel Colom (concertino de la Orquesta Nacional de Espa\u00f1a), Mirelys Morgan (Orquesta del Concertgebouw de \u00c1msterdam) o Yun Jin Cho (ayuda de concertino en la Gewandhausorchester de Leipzig); los violas Joaqu\u00edn Riquelme (Filarm\u00f3nica de Berl\u00edn) y Jonathan Brown (Cuarteto Casals); o el chelista Pavel Gomziakov (solista internacional).<\/p>\n<p><strong>VER LA GRABACI\u00d3N DEL CONCIERTO<\/strong><\/p>\n<p>Este concierto fue grabado y retransmitido en <em>streaming<\/em> en directo, y est\u00e1 disponible para su visualizaci\u00f3n\u00a0<a href=\"https:\/\/youtube.com\/live\/uam33wVQel8?feature=share\" target=\"_blank\" rel=\"noopener\">en esta p\u00e1gina web<\/a>.<\/p>\n","protected":false},"excerpt":{"rendered":"<p>Con motivo del aniversario del nacimiento de Blas Infante (5 de julio de 1885), la Fundaci\u00f3n Centro de Estudios Andaluces y la Fundaci\u00f3n Blas Infante, en colaboraci\u00f3n con la Fundaci\u00f3n Tres Culturas del Mediterr\u00e1neo y la Fundaci\u00f3n Barenboim-Said, han organizado el ciclo de conciertos &#8216;Blas Infante y sus m\u00fasicas: flamenco, cl\u00e1sica y andalus\u00ed&#8217;. El tercero [&hellip;]<\/p>\n","protected":false},"author":5,"featured_media":35345,"comment_status":"closed","ping_status":"open","sticky":false,"template":"","format":"standard","meta":{"footnotes":""},"categories":[21],"tags":[88,120,77,125,75,126,90,89,96,109],"class_list":["post-35270","post","type-post","status-publish","format-standard","has-post-thumbnail","hentry","category-academia-de-estudios-orquestales","tag-actividades","tag-andalucia","tag-barenboim","tag-ciclo-conciertos","tag-concierto","tag-dia-de-la-musica","tag-formacion-musical","tag-musica","tag-musica-de-camara","tag-piano"],"_links":{"self":[{"href":"https:\/\/barenboim-said.org\/es\/wp-json\/wp\/v2\/posts\/35270","targetHints":{"allow":["GET"]}}],"collection":[{"href":"https:\/\/barenboim-said.org\/es\/wp-json\/wp\/v2\/posts"}],"about":[{"href":"https:\/\/barenboim-said.org\/es\/wp-json\/wp\/v2\/types\/post"}],"author":[{"embeddable":true,"href":"https:\/\/barenboim-said.org\/es\/wp-json\/wp\/v2\/users\/5"}],"replies":[{"embeddable":true,"href":"https:\/\/barenboim-said.org\/es\/wp-json\/wp\/v2\/comments?post=35270"}],"version-history":[{"count":0,"href":"https:\/\/barenboim-said.org\/es\/wp-json\/wp\/v2\/posts\/35270\/revisions"}],"wp:featuredmedia":[{"embeddable":true,"href":"https:\/\/barenboim-said.org\/es\/wp-json\/wp\/v2\/media\/35345"}],"wp:attachment":[{"href":"https:\/\/barenboim-said.org\/es\/wp-json\/wp\/v2\/media?parent=35270"}],"wp:term":[{"taxonomy":"category","embeddable":true,"href":"https:\/\/barenboim-said.org\/es\/wp-json\/wp\/v2\/categories?post=35270"},{"taxonomy":"post_tag","embeddable":true,"href":"https:\/\/barenboim-said.org\/es\/wp-json\/wp\/v2\/tags?post=35270"}],"curies":[{"name":"wp","href":"https:\/\/api.w.org\/{rel}","templated":true}]}}