{"id":35239,"date":"2023-06-09T09:35:21","date_gmt":"2023-06-09T07:35:21","guid":{"rendered":"https:\/\/barenboim-said.org\/?p=35239"},"modified":"2023-06-19T11:50:04","modified_gmt":"2023-06-19T09:50:04","slug":"concierto-alcazar-dia-musica","status":"publish","type":"post","link":"https:\/\/barenboim-said.org\/es\/concierto-alcazar-dia-musica\/","title":{"rendered":"Concierto en el Alc\u00e1zar de Sevilla por el D\u00eda de la M\u00fasica"},"content":{"rendered":"<p>La Fundaci\u00f3n Barenboim-Said celebra un a\u00f1o m\u00e1s el D\u00eda de la M\u00fasica ofreciendo un concierto gratuito en el monumental escenario del Patio de la Monter\u00eda del <strong>Real Alc\u00e1zar de Sevilla el 21 de junio a las 21:00 horas<\/strong>. Este concierto de m\u00fasica de c\u00e1mara estar\u00e1 interpretado por alumnado de la <a href=\"https:\/\/barenboim-said.org\/academia-de-estudios-orquestales\/\">Academia de Estudios Orquestales<\/a> de la Fundaci\u00f3n: el pianista Alejandro Mateo y un cuarteto de cuerda y piano integrado por Mar\u00eda del Mar Jurado (viol\u00edn), Dar\u00edo Francesc Garc\u00eda (viola), \u00c1lvaro Lozano (violonchelo) y Guillermo Ram\u00edrez (piano). Este concierto se realiza gracias a la colaboraci\u00f3n del Ayuntamiento de Sevilla y del Real Alc\u00e1zar.<\/p>\n<p>El repertorio de este concierto celebraci\u00f3n del D\u00eda de la M\u00fasica incluye una selecci\u00f3n de obras para piano compuesta por la <em>Sonata K. 466<\/em> de Scarlatti, el primer movimiento de la <em>Sonata n.\u00ba 12 K. 332<\/em> de Mozart, los <em>Estudios 5 y 6 op. 25<\/em> de Chopin y el primer movimiento de <em>Gaspard de la nuit<\/em>, de Ravel. A continuaci\u00f3n, se interpretar\u00e1 el <em>Cuarteto para piano y cuerda n.\u00ba 3 en do menor op. 60<\/em> de Brahms. La duraci\u00f3n estimada es de 70 minutos, y <a href=\"https:\/\/barenboim-said.org\/wp-content\/uploads\/2023\/06\/Programa-Dia-de-la-musica-23-web.pdf\" target=\"_blank\" rel=\"noopener\">el programa de mano se puede consultar aqu\u00ed<\/a>.<\/p>\n<h4>Invitaciones<\/h4>\n<p><strong>Las invitaciones para este evento ya est\u00e1n agotadas.<\/strong> Para asistir es necesario solicitar las <a href=\"https:\/\/www.eventbrite.es\/e\/entradas-concierto-en-el-real-alcazar-652725358117\" target=\"_blank\" rel=\"noopener\">invitaciones que est\u00e1n disponibles desde el martes 13 de junio a las 10:00 horas a trav\u00e9s de este enlace<\/a>. \u00c9stas se enviar\u00e1n al correo electr\u00f3nico indicado, y estar\u00e1n tambi\u00e9n disponibles en el perfil individual de cada solicitante en Eventbrite (web de gesti\u00f3n de las invitaciones). Para acceder al concierto es necesario presentar las entradas en el dispositivo m\u00f3vil o impresas. El acceso se realizar\u00e1 por la Puerta del Le\u00f3n del Alc\u00e1zar a partir de las 20:15 horas, y el aforo es no numerado.<\/p>\n<h4>Academia de Estudios Orquestales<\/h4>\n<p>Los int\u00e9rpretes de este concierto son alumnos y alumnas de la <a href=\"https:\/\/barenboim-said.org\/academia-de-estudios-orquestales\/\">Academia de Estudios Orquestales<\/a>, proyecto de la Fundaci\u00f3n Barenboim-Said, que durante el curso escolar reciben formaci\u00f3n de perfeccionamiento instrumental y art\u00edstico personalizada, as\u00ed como de m\u00fasica de c\u00e1mara con docentes de reconocido prestigio internacional, como los pianistas Eldar Nebolsin (Hochschule f\u00fcr Musik Hanns Eisler de Berl\u00edn) y Juan P\u00e9rez Florist\u00e1n (solista internacional y primer premio en el Concurso Internacional Arthur Rubinstein); los violinistas Aitor Hevia (Cuarteto Quiroga) y Miguel Colom (concertino de la Orquesta Nacional de Espa\u00f1a); los violas Joaqu\u00edn Riquelme (Filarm\u00f3nica de Berl\u00edn) y Jonathan Brown (Cuarteto Casals); o el chelista Pavel Gomziakov (solista internacional).<\/p>\n<p>A trav\u00e9s de esta iniciativa la Fundaci\u00f3n Barenboim-Said no solo contribuye a ofrecer una cuidada programaci\u00f3n musical accesible para todos los p\u00fablicos, sino que brinda al alumnado de la Academia, compuesto por j\u00f3venes inmersos en su proceso de aprendizaje, una oportunidad \u00fanica de adquirir experiencia esc\u00e9nica y art\u00edstica, algo imprescindible para su formaci\u00f3n como m\u00fasicos.<\/p>\n<p>Si necesita m\u00e1s informaci\u00f3n puede contactarnos en el email <a href=\"mailto:info.fbs@juntadeandalucia.es\">info.fbs@juntadeandalucia.es<\/a> o en el tel\u00e9fono 955 03 73 85.<\/p>\n<p><a href=\"https:\/\/www.eventbrite.es\/e\/entradas-concierto-en-el-real-alcazar-652725358117\" target=\"_blank\" rel=\"noopener\"><strong><span style=\"color: #00ccff;\">SOLICITE AQU\u00cd SUS INVITACIONES A PARTIR DEL 13 DE JUNIO A LAS 10:00 H<\/span><\/strong><\/a><\/p>\n","protected":false},"excerpt":{"rendered":"<p>La Fundaci\u00f3n Barenboim-Said celebra un a\u00f1o m\u00e1s el D\u00eda de la M\u00fasica ofreciendo un concierto gratuito en el monumental escenario del Patio de la Monter\u00eda del Real Alc\u00e1zar de Sevilla el 21 de junio a las 21:00 horas. Este concierto de m\u00fasica de c\u00e1mara estar\u00e1 interpretado por alumnado de la Academia de Estudios Orquestales de [&hellip;]<\/p>\n","protected":false},"author":5,"featured_media":35246,"comment_status":"closed","ping_status":"open","sticky":false,"template":"","format":"standard","meta":{"footnotes":""},"categories":[21],"tags":[88,111,120,77,125,75,126,90,89,96,109],"class_list":["post-35239","post","type-post","status-publish","format-standard","has-post-thumbnail","hentry","category-academia-de-estudios-orquestales","tag-actividades","tag-alcazar","tag-andalucia","tag-barenboim","tag-ciclo-conciertos","tag-concierto","tag-dia-de-la-musica","tag-formacion-musical","tag-musica","tag-musica-de-camara","tag-piano"],"_links":{"self":[{"href":"https:\/\/barenboim-said.org\/es\/wp-json\/wp\/v2\/posts\/35239","targetHints":{"allow":["GET"]}}],"collection":[{"href":"https:\/\/barenboim-said.org\/es\/wp-json\/wp\/v2\/posts"}],"about":[{"href":"https:\/\/barenboim-said.org\/es\/wp-json\/wp\/v2\/types\/post"}],"author":[{"embeddable":true,"href":"https:\/\/barenboim-said.org\/es\/wp-json\/wp\/v2\/users\/5"}],"replies":[{"embeddable":true,"href":"https:\/\/barenboim-said.org\/es\/wp-json\/wp\/v2\/comments?post=35239"}],"version-history":[{"count":0,"href":"https:\/\/barenboim-said.org\/es\/wp-json\/wp\/v2\/posts\/35239\/revisions"}],"wp:featuredmedia":[{"embeddable":true,"href":"https:\/\/barenboim-said.org\/es\/wp-json\/wp\/v2\/media\/35246"}],"wp:attachment":[{"href":"https:\/\/barenboim-said.org\/es\/wp-json\/wp\/v2\/media?parent=35239"}],"wp:term":[{"taxonomy":"category","embeddable":true,"href":"https:\/\/barenboim-said.org\/es\/wp-json\/wp\/v2\/categories?post=35239"},{"taxonomy":"post_tag","embeddable":true,"href":"https:\/\/barenboim-said.org\/es\/wp-json\/wp\/v2\/tags?post=35239"}],"curies":[{"name":"wp","href":"https:\/\/api.w.org\/{rel}","templated":true}]}}