{"id":42516,"date":"2025-04-10T10:32:15","date_gmt":"2025-04-10T08:32:15","guid":{"rendered":"https:\/\/barenboim-said.org\/es\/?p=42516"},"modified":"2025-04-10T10:36:39","modified_gmt":"2025-04-10T08:36:39","slug":"actividades-de-abril-2","status":"publish","type":"post","link":"https:\/\/barenboim-said.org\/en\/actividades-de-abril-2\/","title":{"rendered":"Actividades de abril"},"content":{"rendered":"<p>\u00a1Bienvenida, primavera! Abril es un mes que no solo viene con flores y olor a azahar, sino que trae una de nuestras actividades m\u00e1s queridas: <a href=\"https:\/\/barenboim-said.org\/es\/san-telmo-abierto\/\" target=\"_blank\" rel=\"noopener\">el ciclo de conciertos San Telmo Abierto<\/a>. Durante los meses de abril y mayo celebraremos seis conciertos en el espacio \u00fanico de la capilla del Palacio de San Telmo de Sevilla, sede de la Presidencia de la Junta de Andaluc\u00eda. Todos estar\u00e1n interpretados por alumnado de la Academia de Estudios Orquestales, que recientemente se ha preparado en un <a href=\"https:\/\/barenboim-said.org\/academia-de-estudios-orquestales\/curso-aeo\/\" target=\"_blank\" rel=\"noopener\">taller espec\u00edfico de m\u00fasica de c\u00e1mara<\/a>.<\/p>\n<p>El acceso es gratuito, si bien <strong><span style=\"text-decoration: underline;\">es imprescindible solicitar las invitaciones<\/span><\/strong> el lunes previo a cada cita musical.<\/p>\n<p><strong>Os recordamos que el viernes 18 de abril -Viernes Santo-, no habr\u00e1 concierto. <\/strong><\/p>\n<p><span style=\"color: #00ccff;\"><strong>El ciclo se reanudar\u00e1 el pr\u00f3ximo 25 de abril y podr\u00e9is reservar vuestra invitaci\u00f3n el lunes 21 a partir de las 10h.<\/strong><\/span><\/p>\n<p>El s\u00e1bado 26 de abril ofrecemos un <a href=\"https:\/\/barenboim-said.org\/educacion-musical-en-andalucia\/talleres-musicales\/\">Taller Musical Barenboim-Said<\/a> para ni\u00f1os y ni\u00f1as de entre 4 y 8 a\u00f1os acompa\u00f1ados de un adulto llamado<strong> &#8220;Rumbo al este. Una Introducci\u00f3n a las m\u00fasicas e instrumentos del Mediterr\u00e1neo&#8221;<\/strong>. En \u00e9l los ni\u00f1os y ni\u00f1as podr\u00e1n desarrollar su gran potencial musical\u00a0a trav\u00e9s de materiales e instrumentos propios de la amplia cultura mediterr\u00e1nea. L<\/p>\n<p><strong>Las inscripciones se abren el lunes 14 de abril a las 10:00 h.<\/strong><\/p>\n<p>Os deseamos un muy feliz abril, y esperamos veros en nuestros conciertos de San Telmo Abierto.<\/p>\n","protected":false},"excerpt":{"rendered":"<p>\u00a1Bienvenida, primavera! Abril es un mes que no solo viene con flores y olor a azahar, sino que trae una de nuestras actividades m\u00e1s queridas: el ciclo de conciertos San Telmo Abierto. Durante los meses de abril y mayo celebraremos seis conciertos en el espacio \u00fanico de la capilla del Palacio de San Telmo de [&hellip;]<\/p>\n","protected":false},"author":5,"featured_media":42518,"comment_status":"closed","ping_status":"open","sticky":false,"template":"","format":"standard","meta":{"footnotes":""},"categories":[24],"tags":[88,120,77,75,90,89,107,106,132],"class_list":["post-42516","post","type-post","status-publish","format-standard","has-post-thumbnail","hentry","category-sin-categoria","tag-actividades","tag-andalucia","tag-barenboim","tag-concierto","tag-formacion-musical","tag-musica","tag-palestina","tag-ramala","tag-san-telmo"],"_links":{"self":[{"href":"https:\/\/barenboim-said.org\/en\/wp-json\/wp\/v2\/posts\/42516","targetHints":{"allow":["GET"]}}],"collection":[{"href":"https:\/\/barenboim-said.org\/en\/wp-json\/wp\/v2\/posts"}],"about":[{"href":"https:\/\/barenboim-said.org\/en\/wp-json\/wp\/v2\/types\/post"}],"author":[{"embeddable":true,"href":"https:\/\/barenboim-said.org\/en\/wp-json\/wp\/v2\/users\/5"}],"replies":[{"embeddable":true,"href":"https:\/\/barenboim-said.org\/en\/wp-json\/wp\/v2\/comments?post=42516"}],"version-history":[{"count":1,"href":"https:\/\/barenboim-said.org\/en\/wp-json\/wp\/v2\/posts\/42516\/revisions"}],"predecessor-version":[{"id":42517,"href":"https:\/\/barenboim-said.org\/en\/wp-json\/wp\/v2\/posts\/42516\/revisions\/42517"}],"wp:featuredmedia":[{"embeddable":true,"href":"https:\/\/barenboim-said.org\/en\/wp-json\/wp\/v2\/media\/42518"}],"wp:attachment":[{"href":"https:\/\/barenboim-said.org\/en\/wp-json\/wp\/v2\/media?parent=42516"}],"wp:term":[{"taxonomy":"category","embeddable":true,"href":"https:\/\/barenboim-said.org\/en\/wp-json\/wp\/v2\/categories?post=42516"},{"taxonomy":"post_tag","embeddable":true,"href":"https:\/\/barenboim-said.org\/en\/wp-json\/wp\/v2\/tags?post=42516"}],"curies":[{"name":"wp","href":"https:\/\/api.w.org\/{rel}","templated":true}]}}