{"id":40207,"date":"2024-10-14T14:50:01","date_gmt":"2024-10-14T12:50:01","guid":{"rendered":"https:\/\/barenboim-said.org\/?p=40207"},"modified":"2024-10-18T14:46:48","modified_gmt":"2024-10-18T12:46:48","slug":"este-viernes-18-de-octubre-recital-de-piano-en-san-telmo","status":"publish","type":"post","link":"https:\/\/barenboim-said.org\/en\/este-viernes-18-de-octubre-recital-de-piano-en-san-telmo\/","title":{"rendered":"Este viernes, 18 de octubre, recital de piano en San Telmo"},"content":{"rendered":"\t\t<div data-elementor-type=\"wp-post\" data-elementor-id=\"40207\" class=\"elementor elementor-40207\" data-elementor-post-type=\"post\">\n\t\t\t\t\t\t<section class=\"elementor-section elementor-top-section elementor-element elementor-element-371dcb87 elementor-section-boxed elementor-section-height-default elementor-section-height-default\" data-id=\"371dcb87\" data-element_type=\"section\" data-e-type=\"section\" data-settings=\"{&quot;jet_parallax_layout_list&quot;:[]}\">\n\t\t\t\t\t\t<div class=\"elementor-container elementor-column-gap-default\">\n\t\t\t\t\t<div class=\"elementor-column elementor-col-100 elementor-top-column elementor-element elementor-element-41dde0f\" data-id=\"41dde0f\" data-element_type=\"column\" data-e-type=\"column\">\n\t\t\t<div class=\"elementor-widget-wrap elementor-element-populated\">\n\t\t\t\t\t\t<div class=\"elementor-element elementor-element-2d6c3ad elementor-widget elementor-widget-text-editor\" data-id=\"2d6c3ad\" data-element_type=\"widget\" data-e-type=\"widget\" data-widget_type=\"text-editor.default\">\n\t\t\t\t\t\t\t\t\t<p>La Capilla del Palacio de San Telmo acoge este viernes 18 de octubre un recital de piano a partir de las 19:30 horas. Esta actividad, abierta al p\u00fablico y con car\u00e1cter gratuito, completa la programaci\u00f3n cultural de este espacio, una de las joyas arquitect\u00f3nicas del barroco sevillano que se caracteriza adem\u00e1s por sus excepcionales cualidades ac\u00fasticas y musicales.<\/p>\n<p>Para este viernes se ha preparado un repertorio que incluye obras de Scarlatti, Rachmaninoff, Ravel, Debussy, Mozart y Chopin. Los int\u00e9rpretes ser\u00e1n alumnos de nuestra Academia de Estudios Orquestales, como Iv\u00e1n Santiandreu y Federico Cruzado, quienes est\u00e1n completando su formaci\u00f3n con los profesores Juan P\u00e9rez Florist\u00e1n y Michael Wendeberg, respectivamente.<\/p>\n<p>La entrada a este concierto es gratuita. Considerando el aforo limitado de la capilla,&nbsp;es imprescindible que&nbsp;las personas que deseen acudir reserven su plaza de forma previa a trav\u00e9s de un formulario que permanecer\u00e1 disponible en nuestra p\u00e1gina web hasta completar el aforo. Estas invitaciones se asignar\u00e1n por estricto orden de inscripci\u00f3n y, por motivos de seguridad, no se permitir\u00e1 la entrada al concierto a ninguna persona que no tenga confirmada la reserva de su plaza.<\/p>\n<p>Esta actividad es posible gracias a la colaboraci\u00f3n de la Presidencia de la Junta de Andaluc\u00eda que cede este espacio tan singular de su sede para la m\u00fasica de nuestros j\u00f3venes int\u00e9rpretes.<\/p>\t\t\t\t\t\t\t\t<\/div>\n\t\t\t\t\t<\/div>\n\t\t<\/div>\n\t\t\t\t\t<\/div>\n\t\t<\/section>\n\t\t<div class=\"elementor-element elementor-element-d849498 e-flex e-con-boxed e-con e-parent\" data-id=\"d849498\" data-element_type=\"container\" data-e-type=\"container\" data-settings=\"{&quot;jet_parallax_layout_list&quot;:[]}\">\n\t\t\t\t\t<div class=\"e-con-inner\">\n\t\t\t\t<div class=\"elementor-element elementor-element-5e771e2 elementor-align-center elementor-widget elementor-widget-button\" data-id=\"5e771e2\" data-element_type=\"widget\" data-e-type=\"widget\" data-widget_type=\"button.default\">\n\t\t\t\t\t\t\t\t\t\t<a class=\"elementor-button elementor-button-link elementor-size-sm\" href=\"https:\/\/barenboim-said.org\/san-telmo-abierto-conciertos\/\">\n\t\t\t\t\t\t<span class=\"elementor-button-content-wrapper\">\n\t\t\t\t\t\t\t\t\t<span class=\"elementor-button-text\">informaci\u00f3n y reserva de  entradas<\/span>\n\t\t\t\t\t<\/span>\n\t\t\t\t\t<\/a>\n\t\t\t\t\t\t\t\t<\/div>\n\t\t\t\t\t<\/div>\n\t\t\t\t<\/div>\n\t\t\t\t<\/div>\n\t\t","protected":false},"excerpt":{"rendered":"<p>La Capilla del Palacio de San Telmo acoge este viernes 18 de octubre un recital de piano a partir de las 19:30 horas. Esta actividad, abierta al p\u00fablico y con car\u00e1cter gratuito, completa la programaci\u00f3n cultural de este espacio, una de las joyas arquitect\u00f3nicas del barroco sevillano que se caracteriza adem\u00e1s por sus grandes cualidades musicales.<\/p>\n","protected":false},"author":5,"featured_media":40212,"comment_status":"closed","ping_status":"closed","sticky":false,"template":"","format":"standard","meta":{"footnotes":""},"categories":[24],"tags":[139,120,77,75,145,89,149,95,152],"class_list":["post-40207","post","type-post","status-publish","format-standard","has-post-thumbnail","hentry","category-sin-categoria","tag-academia","tag-andalucia","tag-barenboim","tag-concierto","tag-fundacion","tag-musica","tag-octubre","tag-san-telmo-abierto","tag-talleres"],"_links":{"self":[{"href":"https:\/\/barenboim-said.org\/en\/wp-json\/wp\/v2\/posts\/40207","targetHints":{"allow":["GET"]}}],"collection":[{"href":"https:\/\/barenboim-said.org\/en\/wp-json\/wp\/v2\/posts"}],"about":[{"href":"https:\/\/barenboim-said.org\/en\/wp-json\/wp\/v2\/types\/post"}],"author":[{"embeddable":true,"href":"https:\/\/barenboim-said.org\/en\/wp-json\/wp\/v2\/users\/5"}],"replies":[{"embeddable":true,"href":"https:\/\/barenboim-said.org\/en\/wp-json\/wp\/v2\/comments?post=40207"}],"version-history":[{"count":0,"href":"https:\/\/barenboim-said.org\/en\/wp-json\/wp\/v2\/posts\/40207\/revisions"}],"wp:featuredmedia":[{"embeddable":true,"href":"https:\/\/barenboim-said.org\/en\/wp-json\/wp\/v2\/media\/40212"}],"wp:attachment":[{"href":"https:\/\/barenboim-said.org\/en\/wp-json\/wp\/v2\/media?parent=40207"}],"wp:term":[{"taxonomy":"category","embeddable":true,"href":"https:\/\/barenboim-said.org\/en\/wp-json\/wp\/v2\/categories?post=40207"},{"taxonomy":"post_tag","embeddable":true,"href":"https:\/\/barenboim-said.org\/en\/wp-json\/wp\/v2\/tags?post=40207"}],"curies":[{"name":"wp","href":"https:\/\/api.w.org\/{rel}","templated":true}]}}