{"id":35885,"date":"2023-10-31T14:42:17","date_gmt":"2023-10-31T13:42:17","guid":{"rendered":"https:\/\/barenboim-said.org\/?p=35885"},"modified":"2023-10-31T14:42:17","modified_gmt":"2023-10-31T13:42:17","slug":"vasily-petrenko-jaen","status":"publish","type":"post","link":"https:\/\/barenboim-said.org\/en\/vasily-petrenko-jaen\/","title":{"rendered":"Concierto de la Orquesta Fundaci\u00f3n Barenboim-Said en Ja\u00e9n"},"content":{"rendered":"<p>La Orquesta de la Fundaci\u00f3n Barenboim-Said, adscrita a la Consejer\u00eda de Turismo, Cultura y Deporte, ofrecer\u00e1 un concierto sinf\u00f3nico en el Teatro Infanta Leonor el pr\u00f3ximo 30 diciembre a las 20:00 horas bajo la batuta de Vasily Petrenko, uno de los m\u00e1s reconocidos directores de orquesta del panorama internacional.<\/p>\n<p>Este concierto cuenta con la colaboraci\u00f3n del <a href=\"http:\/\/www.aytojaen.es\" target=\"_blank\" rel=\"noopener\">Ayuntamiento de Ja\u00e9n<\/a>, as\u00ed como de <a href=\"https:\/\/www.cajaruraldejaen.com\/es\" target=\"_blank\" rel=\"noopener\">Caja Rural de Ja\u00e9n<\/a> y de su <a href=\"https:\/\/www.fundacioncrj.es\/\" target=\"_blank\" rel=\"noopener\">Fundaci\u00f3n.<\/a><\/p>\n<p>El repertorio del concierto incluye la suite sinf\u00f3nica <em>Scheherezade<\/em>, de Nikol\u00e1i Rimski-K\u00f3rsakov, y una selecci\u00f3n de movimientos de <em>Romeo y Julieta<\/em>, de Sergu\u00e9i Prok\u00f3fiev. La orquesta y el maestro Petrenko <a href=\"https:\/\/bit.ly\/FBS_Petrenko\" target=\"_blank\" rel=\"noopener\">actuar\u00e1n el d\u00eda anterior en el Teatro de la Maestranza de Sevilla<\/a>, y a continuaci\u00f3n se presentar\u00e1n por primera vez en la capital jiennense. Estos conciertos marcan el inicio de las celebraciones del 20 aniversario de la Fundaci\u00f3n Barenboim-Said, que se desarrollar\u00e1 a lo largo de 2024.<\/p>\n<p><strong>Venta de entradas<\/strong><\/p>\n<p>Las entradas para el concierto de Ja\u00e9n se pondr\u00e1n a la venta hoy 31 de octubre. Para asistir al concierto del 30 de diciembre en el Teatro Infanta Leonor las entradas, con precios a partir de 18 \u20ac, <a href=\"https:\/\/bit.ly\/FBSPetrenkoJaen\" target=\"_blank\" rel=\"noopener\">pueden adquirirse a trav\u00e9s de esta p\u00e1gina web<\/a> o en las taquillas del teatro el d\u00eda del concierto.<\/p>\n<p><strong>Orquesta Fundaci\u00f3n Barenboim-Said<\/strong><\/p>\n<p>Los j\u00f3venes m\u00fasicos que integran la orquesta, de entre 14 y 27 a\u00f1os, estudian en la Academia de Estudios Orquestales de la Fundaci\u00f3n Barenboim-Said. Del 21 al 28 de diciembre preparar\u00e1n el repertorio de estos conciertos en un taller orquestal con un intenso plan de trabajo de la mano del equipo docente de la Academia, uno de los principales proyectos desarrollados en Andaluc\u00eda por la Fundaci\u00f3n Barenboim-Said. En la Academia el alumnado recibe formaci\u00f3n instrumental y art\u00edstica a lo largo del curso con un reputado equipo de docentes integrado por solistas internacionales y miembros de las principales orquestas europeas: Filarm\u00f3nica de Berl\u00edn, Staatskapelle de Berl\u00edn, Orquesta Sinf\u00f3nica de la Radio de Baviera, Orquesta Nacional de Espa\u00f1a y Orquesta del Concertgebouw de \u00c1msterdam, entre otras. La participaci\u00f3n en este taller orquestal y conciertos sinf\u00f3nicos ofrece a los j\u00f3venes m\u00fasicos una posibilidad extraordinaria de aprender de uno de los directores de orquesta m\u00e1s destacados del panorama actual.<\/p>\n<p>Durante la presentaci\u00f3n, la directora-gerente de la Fundaci\u00f3n Barenboim-Said, Muriel P\u00e1ez, ha destacado que \u201cpara la Fundaci\u00f3n Barenboim-Said es muy importante iniciar en Ja\u00e9n nuestro 20 aniversario, una provincia que es cuna de gran talento musical: a lo largo de los a\u00f1os en nuestra Academia de Estudios Orquestales ha sobresalido el desempe\u00f1o de j\u00f3venes m\u00fasicos jienenses, lo que pone en valor su esfuerzo y su capacidad, as\u00ed como la labor que se desarrolla desde los conservatorios.\u201d P\u00e1ez ha agradecido tambi\u00e9n su compromiso \u201ca las instituciones jienenses, tanto a la Delegaci\u00f3n y el Ayuntamiento como a la Caja Rural de Ja\u00e9n y su Fundaci\u00f3n, que han contribuido de manera decisiva a la celebraci\u00f3n de este concierto.\u201d<\/p>\n<p><a href=\"https:\/\/vasilypetrenkomusic.com\/\" target=\"_blank\" rel=\"noopener\"><strong>Vasily Petrenko<\/strong><\/a> es director titular de la Royal Philharmonic Orchestra y de la European Union Youth Orchestra, director laureado de la Royal Liverpool Philharmonic Orchestra y ganador del Concurso Internacional de Directores de Orquesta de\u00a0Cadaqu\u00e9s. Ha colaborado con orquestas de gran prestigio como la Filarm\u00f3nica de Berl\u00edn, Orquesta Sinf\u00f3nica de la Radio de Baviera, London Symphony, Accademia Nazionale di Santa Cecilia, Filarm\u00f3nica de San Petersburgo, Orchestre National de France, la Philadelphia Orchestra, Los Angeles Philharmonic y las sinf\u00f3nicas de San Francisco, Boston, Chicago y Montreal. Ha actuado en el Festival de Edimburgo, en el Festival de Grafenegg y en los BBC Proms. Ha dirigido \u00f3peras en el Festival de Glyndebourne, la Op\u00e9ra National de Paris, la \u00d3pera de Z\u00farich, la Bayerische Staatsoper y el Metropolitan de Nueva York.<\/p>\n","protected":false},"excerpt":{"rendered":"<p>La Orquesta de la Fundaci\u00f3n Barenboim-Said, adscrita a la Consejer\u00eda de Turismo, Cultura y Deporte, ofrecer\u00e1 un concierto sinf\u00f3nico en el Teatro Infanta Leonor el pr\u00f3ximo 30 diciembre a las 20:00 horas bajo la batuta de Vasily Petrenko, uno de los m\u00e1s reconocidos directores de orquesta del panorama internacional. Este concierto cuenta con la colaboraci\u00f3n [&hellip;]<\/p>\n","protected":false},"author":5,"featured_media":35996,"comment_status":"closed","ping_status":"open","sticky":false,"template":"","format":"standard","meta":{"footnotes":""},"categories":[21],"tags":[88,120,77,75,90,89,128,130,129],"class_list":["post-35885","post","type-post","status-publish","format-standard","has-post-thumbnail","hentry","category-academia-de-estudios-orquestales","tag-actividades","tag-andalucia","tag-barenboim","tag-concierto","tag-formacion-musical","tag-musica","tag-petrenko","tag-romeo-y-julieta","tag-scheherezade"],"_links":{"self":[{"href":"https:\/\/barenboim-said.org\/en\/wp-json\/wp\/v2\/posts\/35885","targetHints":{"allow":["GET"]}}],"collection":[{"href":"https:\/\/barenboim-said.org\/en\/wp-json\/wp\/v2\/posts"}],"about":[{"href":"https:\/\/barenboim-said.org\/en\/wp-json\/wp\/v2\/types\/post"}],"author":[{"embeddable":true,"href":"https:\/\/barenboim-said.org\/en\/wp-json\/wp\/v2\/users\/5"}],"replies":[{"embeddable":true,"href":"https:\/\/barenboim-said.org\/en\/wp-json\/wp\/v2\/comments?post=35885"}],"version-history":[{"count":0,"href":"https:\/\/barenboim-said.org\/en\/wp-json\/wp\/v2\/posts\/35885\/revisions"}],"wp:featuredmedia":[{"embeddable":true,"href":"https:\/\/barenboim-said.org\/en\/wp-json\/wp\/v2\/media\/35996"}],"wp:attachment":[{"href":"https:\/\/barenboim-said.org\/en\/wp-json\/wp\/v2\/media?parent=35885"}],"wp:term":[{"taxonomy":"category","embeddable":true,"href":"https:\/\/barenboim-said.org\/en\/wp-json\/wp\/v2\/categories?post=35885"},{"taxonomy":"post_tag","embeddable":true,"href":"https:\/\/barenboim-said.org\/en\/wp-json\/wp\/v2\/tags?post=35885"}],"curies":[{"name":"wp","href":"https:\/\/api.w.org\/{rel}","templated":true}]}}