{"id":29644,"date":"2021-12-09T17:44:44","date_gmt":"2021-12-09T16:44:44","guid":{"rendered":"https:\/\/barenboim-said.org\/?p=29644"},"modified":"2022-09-22T17:06:32","modified_gmt":"2022-09-22T15:06:32","slug":"presentacion-conciertos2021","status":"publish","type":"post","link":"https:\/\/barenboim-said.org\/en\/presentacion-conciertos2021\/","title":{"rendered":"Presentaci\u00f3n conciertos con Heras-Casado y Miguel Colom"},"content":{"rendered":"<p>La <a href=\"https:\/\/juntadeandalucia.es\/organismos\/culturaypatrimoniohistorico\/consejeria\/titular.html\" target=\"_blank\" rel=\"noopener\">consejera de Cultura y Patrimonio Hist\u00f3rico, Patricia del Pozo<\/a>, ha presentado la gira de tres conciertos que la Fundaci\u00f3n P\u00fablica Andaluza Barenboim-Said y el maestro Heras-Casado ofrecer\u00e1n por Andaluc\u00eda en diciembre interpretando la <em>Sinfon\u00eda n.\u00ba 8 en sol mayor op. 88<\/em> de A. Dvo\u0159\u00e1k y el <em>Concierto para viol\u00edn en re mayor op. 35<\/em>, de P. I. Tchaikovsky, una obra que contar\u00e1 con Miguel Colom, concertino de la Orquesta Nacional de Espa\u00f1a, como solista.<\/p>\n<p>As\u00ed, l<a href=\"https:\/\/barenboim-said.org\/conciertos-diciembre21\/\" target=\"_blank\" rel=\"noopener\">os tres conciertos sinf\u00f3nicos<\/a>, con lo que se pondr\u00e1 el broche de oro a las actividades culturales dise\u00f1adas por la Junta de Andaluc\u00eda para las fechas navide\u00f1as \u2013con m\u00e1s de 200 actividades culturales-, tendr\u00e1n lugar en el Teatro de la Maestranza de Sevilla, en el Gran Teatro de C\u00f3rdoba y en el Auditorio Manuel de Falla de Granada los d\u00edas 28, 29 y 30 de diciembre respectivamente. Los interesados ya pueden adquirir sus entradas con precios a partir de 10 euros y descuentos para colectivos (personas desempleadas, mayor de 65 o menores de 25).<\/p>\n<p>Del Pozo ha destacado que estos tres conciertos \u201cson una oportunidad perfecta para disfrutar del talento musical andaluz al alcance de todos los p\u00fablicos\u201d, al tiempo que ha agradecido a Pablo Heras-Casado y a Miguel Colom \u2013ambos presentes en el acto-, \u201csu labor y entrega en este proyecto que, junto a la educaci\u00f3n musical, profundiza en valores humanos como la apuesta por la paz el di\u00e1logo y el respeto a la diversidad, entre ellos\u201d.<\/p>\n<p>Del mismo modo, la titular de Cultura ha anunciado que \u201cestos conciertos tambi\u00e9n han propiciado la colaboraci\u00f3n entre la Fundaci\u00f3n Barenboim-Said y la <a href=\"https:\/\/rfkspain.org\" target=\"_blank\" rel=\"noopener\">Fundaci\u00f3n Robert F. Kennedy Human Rights Espa\u00f1a<\/a> para el desarrollo de este proyecto formativo y cultural\u201d.<\/p>\n<p>La Fundaci\u00f3n Robert F. Kennedy Human Rights fue creada en Estados Unidos en 1968 por amigos y familiares del senador Robert F. Kennedy para promover su legado, y est\u00e1 enfocada principalmente a la defensa, difusi\u00f3n y promoci\u00f3n de los derechos humanos. Esta instituci\u00f3n y la Fundaci\u00f3n Barenboim-Said comparten una poderosa misi\u00f3n com\u00fan: la defensa de los derechos humanos y de la educaci\u00f3n como motor de desarrollo social.<\/p>\n<p>Por su parte, la presidenta de la Fundaci\u00f3n Robert Kennedy, Mar\u00eda D\u00edaz de la Cebosa, ha se\u00f1alado, que \u201cRFK Espa\u00f1a quiere conseguir con la alianza con la Fundaci\u00f3n Barenboim-Said crear a trav\u00e9s de la educaci\u00f3n en Derechos Humanos y ayudados por la formaci\u00f3n musical una ciudadan\u00eda poderosa e inspirada y construir una sociedad m\u00e1s inclusiva que respete la individualidad de todos\u201d.<\/p>\n<p>Los j\u00f3venes m\u00fasicos que integran la orquesta, de entre 12 y 26 a\u00f1os, estudian en la Academia de Estudios Orquestales de la Fundaci\u00f3n Barenboim-Said. A lo largo de las vacaciones navide\u00f1as preparar\u00e1n el repertorio de estos conciertos con un intenso plan de trabajo de la mano del equipo docente de la Academia, uno de los principales proyectos desarrollados en Andaluc\u00eda por la Fundaci\u00f3n Barenboim-Said.<\/p>\n<p>La participaci\u00f3n en este taller orquestal y estos conciertos sinf\u00f3nicos ofrece a los j\u00f3venes m\u00fasicos una posibilidad extraordinaria de aprender de uno de los directores de orquesta espa\u00f1oles m\u00e1s reconocidos del panorama internacional actual: solo en esta temporada, Heras-Casado dirige en la Scala de Mil\u00e1n, en la Staatsoper de Viena o en el Teatro Real de Madrid, entre otros. Asimismo, los m\u00fasicos podr\u00e1n colaborar con un solista de la calidad y experiencia de Miguel Colom, quien recientemente inaugur\u00f3 la temporada 21\/22 de la Orquesta Nacional de Espa\u00f1a interpretando el <em>Concierto para viol\u00edn<\/em> de J. Sibelius.<\/p>\n<p>En la Academia el alumnado recibe formaci\u00f3n instrumental y art\u00edstica a lo largo del curso de un reputado equipo de docentes integrado por reconocidos solistas internacionales y por miembros de las principales orquestas europeas: Filarm\u00f3nica de Berl\u00edn, Staatskapelle de Berl\u00edn, Orquesta de la Radio de Baviera y Orquesta del Concertgebouw de \u00c1msterdam, entre otras. El violinista Miguel Colom, solista de estos conciertos, es asimismo profesor de la Academia.<\/p>\n","protected":false},"excerpt":{"rendered":"<p>La consejera de Cultura y Patrimonio Hist\u00f3rico, Patricia del Pozo, ha presentado la gira de tres conciertos que la Fundaci\u00f3n P\u00fablica Andaluza Barenboim-Said y el maestro Heras-Casado ofrecer\u00e1n por Andaluc\u00eda en diciembre interpretando la Sinfon\u00eda n.\u00ba 8 en sol mayor op. 88 de A. Dvo\u0159\u00e1k y el Concierto para viol\u00edn en re mayor op. 35, [&hellip;]<\/p>\n","protected":false},"author":5,"featured_media":29645,"comment_status":"closed","ping_status":"open","sticky":false,"template":"","format":"standard","meta":{"footnotes":""},"categories":[21],"tags":[77,73,75,92,74,79,80,76,82,78,81],"class_list":["post-29644","post","type-post","status-publish","format-standard","has-post-thumbnail","hentry","category-academia-de-estudios-orquestales","tag-barenboim","tag-colaboracion","tag-concierto","tag-consejera-cultura","tag-fundacion-robert-kennedy","tag-gran-teatro","tag-miguel-colom","tag-pablo-heras-casado","tag-rfkspain","tag-teatro-de-la-maestranza","tag-violin"],"_links":{"self":[{"href":"https:\/\/barenboim-said.org\/en\/wp-json\/wp\/v2\/posts\/29644","targetHints":{"allow":["GET"]}}],"collection":[{"href":"https:\/\/barenboim-said.org\/en\/wp-json\/wp\/v2\/posts"}],"about":[{"href":"https:\/\/barenboim-said.org\/en\/wp-json\/wp\/v2\/types\/post"}],"author":[{"embeddable":true,"href":"https:\/\/barenboim-said.org\/en\/wp-json\/wp\/v2\/users\/5"}],"replies":[{"embeddable":true,"href":"https:\/\/barenboim-said.org\/en\/wp-json\/wp\/v2\/comments?post=29644"}],"version-history":[{"count":0,"href":"https:\/\/barenboim-said.org\/en\/wp-json\/wp\/v2\/posts\/29644\/revisions"}],"wp:featuredmedia":[{"embeddable":true,"href":"https:\/\/barenboim-said.org\/en\/wp-json\/wp\/v2\/media\/29645"}],"wp:attachment":[{"href":"https:\/\/barenboim-said.org\/en\/wp-json\/wp\/v2\/media?parent=29644"}],"wp:term":[{"taxonomy":"category","embeddable":true,"href":"https:\/\/barenboim-said.org\/en\/wp-json\/wp\/v2\/categories?post=29644"},{"taxonomy":"post_tag","embeddable":true,"href":"https:\/\/barenboim-said.org\/en\/wp-json\/wp\/v2\/tags?post=29644"}],"curies":[{"name":"wp","href":"https:\/\/api.w.org\/{rel}","templated":true}]}}