{"id":29061,"date":"2021-11-22T14:22:49","date_gmt":"2021-11-22T13:22:49","guid":{"rendered":"https:\/\/barenboim-said.org\/?p=29061"},"modified":"2022-09-22T17:06:28","modified_gmt":"2022-09-22T15:06:28","slug":"recital-santacecilia","status":"publish","type":"post","link":"https:\/\/barenboim-said.org\/en\/recital-santacecilia\/","title":{"rendered":"La Fundaci\u00f3n Barenboim-Said organiza un recital de piano por el D\u00eda de Santa Cecilia"},"content":{"rendered":"<p>La Fundaci\u00f3n P\u00fablica Andaluza Barenboim-Said, adscrita a la Consejer\u00eda de la Presidencia, Administraci\u00f3n P\u00fablica e Interior, celebra el D\u00eda de Santa Cecilia, patrona de los m\u00fasicos, ofreciendo un recital de piano el 22 de noviembre a las 20:00 horas. Este concierto estar\u00e1 protagonizado por Guillermo Ram\u00edrez Ortega y Luis del Ojo S\u00e1nchez, dos j\u00f3venes alumnos de piano de la Academia de Estudios Orquestales, y tendr\u00e1 lugar en la capilla del Palacio de San Telmo de Sevilla.<\/p>\n<p>La entrada al concierto es gratuita previa reserva, y ya se han agotado todas las invitaciones. Este recital contar\u00e1 con un aforo reducido, con control de afluencia en los accesos y salidas y distancia de seguridad entre las localidades, de acuerdo con las vigentes medidas de prevenci\u00f3n sanitarias.<\/p>\n<p>Guillermo Ram\u00edrez (San Pedro Alc\u00e1ntara, M\u00e1laga, 2007) interpretar\u00e1 obras de Chopin, Beethoven, Larregla y Prokofiev, mientras que Luis del Ojo (Jerez de la Frontera, C\u00e1diz, 2007) abordar\u00e1 un repertorio de piezas de Bach, Ravel, Rachmaninov, Debussy, Scriabin y Chopin. Estos j\u00f3venes pianistas andaluces estudian en la Academia de Estudios Orquestales de la Fundaci\u00f3n Barenboim-Said con los profesores Eldar Nebolsin y Juan P\u00e9rez Florist\u00e1n, ambos destacados int\u00e9rpretes de proyecci\u00f3n internacional y reconocidos docentes.<\/p>\n<p>Este concierto se enmarca en la iniciativa \u2018Andaluc\u00eda con La Palma\u2019, organizada por la Junta de Andaluc\u00eda para recaudar dinero para la reconstrucci\u00f3n de la zona afectada por la erupci\u00f3n del volc\u00e1n Cumbre Vieja en la isla de La Palma.<\/p>\n","protected":false},"excerpt":{"rendered":"<p>La Fundaci\u00f3n P\u00fablica Andaluza Barenboim-Said, adscrita a la Consejer\u00eda de la Presidencia, Administraci\u00f3n P\u00fablica e Interior, celebra el D\u00eda de Santa Cecilia, patrona de los m\u00fasicos, ofreciendo un recital de piano el 22 de noviembre a las 20:00 horas. Este concierto estar\u00e1 protagonizado por Guillermo Ram\u00edrez Ortega y Luis del Ojo S\u00e1nchez, dos j\u00f3venes alumnos [&hellip;]<\/p>\n","protected":false},"author":5,"featured_media":29062,"comment_status":"closed","ping_status":"open","sticky":false,"template":"","format":"standard","meta":{"footnotes":""},"categories":[21],"tags":[],"class_list":["post-29061","post","type-post","status-publish","format-standard","has-post-thumbnail","hentry","category-academia-de-estudios-orquestales"],"_links":{"self":[{"href":"https:\/\/barenboim-said.org\/en\/wp-json\/wp\/v2\/posts\/29061","targetHints":{"allow":["GET"]}}],"collection":[{"href":"https:\/\/barenboim-said.org\/en\/wp-json\/wp\/v2\/posts"}],"about":[{"href":"https:\/\/barenboim-said.org\/en\/wp-json\/wp\/v2\/types\/post"}],"author":[{"embeddable":true,"href":"https:\/\/barenboim-said.org\/en\/wp-json\/wp\/v2\/users\/5"}],"replies":[{"embeddable":true,"href":"https:\/\/barenboim-said.org\/en\/wp-json\/wp\/v2\/comments?post=29061"}],"version-history":[{"count":0,"href":"https:\/\/barenboim-said.org\/en\/wp-json\/wp\/v2\/posts\/29061\/revisions"}],"wp:featuredmedia":[{"embeddable":true,"href":"https:\/\/barenboim-said.org\/en\/wp-json\/wp\/v2\/media\/29062"}],"wp:attachment":[{"href":"https:\/\/barenboim-said.org\/en\/wp-json\/wp\/v2\/media?parent=29061"}],"wp:term":[{"taxonomy":"category","embeddable":true,"href":"https:\/\/barenboim-said.org\/en\/wp-json\/wp\/v2\/categories?post=29061"},{"taxonomy":"post_tag","embeddable":true,"href":"https:\/\/barenboim-said.org\/en\/wp-json\/wp\/v2\/tags?post=29061"}],"curies":[{"name":"wp","href":"https:\/\/api.w.org\/{rel}","templated":true}]}}