{"id":28325,"date":"2021-10-21T15:02:00","date_gmt":"2021-10-21T13:02:00","guid":{"rendered":"https:\/\/barenboim-said.org\/?p=28325"},"modified":"2022-09-22T17:06:11","modified_gmt":"2022-09-22T15:06:11","slug":"actividades-de-noviembre-21","status":"publish","type":"post","link":"https:\/\/barenboim-said.org\/en\/actividades-de-noviembre-21\/","title":{"rendered":"Actividades de noviembre"},"content":{"rendered":"<p>El inicio del mes de noviembre siempre llega a la Fundaci\u00f3n Barenboim-Said con un aire de melancol\u00eda, ya que el 1 de noviembre hubiera sido el cumplea\u00f1os de nuestro fundador Edward Said, quien habr\u00eda cumplido 86 a\u00f1os hoy. Su figura, sus ideas y su forma de entender y explicar la realidad nos faltan hoy especialmente, aunque su recuerdo permanezca vivo cada d\u00eda.<\/p>\n<p>Uno de los proyectos de la Fundaci\u00f3n que Said impuls\u00f3 directamente fue el de establecer una estructura estable de formaci\u00f3n musical en Palestina, ya que cre\u00eda firmemente en el poder transformador de la m\u00fasica. As\u00ed, nuestro alumnado del <a href=\"https:\/\/barenboim-said.org\/educacion-musical-en-palestina\/\">Centro Musical Barenboim-Said de Ramala<\/a> interpreta el 3 de noviembre un nuevo concierto de la serie Young Talents, el segundo del curso, que podr\u00e1 ser disfrutado tanto en directo como a trav\u00e9s de las redes sociales.<\/p>\n<p>El s\u00e1bado 6 ofrecemos un nuevo <a href=\"https:\/\/barenboim-said.org\/educacion-musical-en-andalucia\/talleres-musicales\/\">Taller Musical Barenboim-Said<\/a> para ni\u00f1os y ni\u00f1as de 6 a 12 a\u00f1os que tengan ganas de conocer el sonido del viol\u00edn. A trav\u00e9s de canciones tradicionales la profesora Sandra Cote (violinista especialista en formaci\u00f3n musical infantil de la Fundaci\u00f3n) les ense\u00f1ar\u00e1 la t\u00e9cnica b\u00e1sica de este bello instrumento. Las plazas se pueden reservar desde el lunes 25 de octubre a las 10:00.<\/p>\n<p>A lo largo de noviembre el alumnado de la <a href=\"https:\/\/barenboim-said.org\/academia-de-estudios-orquestales\/\">Academia de Estudios Orquestales<\/a> recibir\u00e1 clases de m\u00fasicos como David Delgado (violinista en la Staatskapelle Berlin), Pavel Gomziakov (solista de chelo) o Andr\u00e9 Cebri\u00e1n (solista de flauta en la Scottish Chamber Orchestra) los d\u00edas 6 y 7; de los solistas Juan P\u00e9rez Florist\u00e1n (piano), Pablo Barrag\u00e1n (clarinete) y Mor Biron (fagot), y de Jose Vicente Castell\u00f3 (solista de trompa en la Mahler Chamber Orchestra), Mirelys Morgan (viol\u00edn en la Concertgebouworkest) y Jos\u00e9 Luis Garc\u00eda Vegara (solista de oboe en la Hr-Sinfonieorchester Frankfurt) los d\u00edas 20 y 21; finalmente, los d\u00edas 27 y 28, junto a las clases que impartir\u00e1 Joaqu\u00edn Riquelme (viola de la Berliner Philharmonik) daremos la bienvenida a la Academia a una de las nuevas incorporaciones de este curso: el violinista Aitor Hevia, integrante del Cuarteto Quiroga.<\/p>\n<p>El 15 de noviembre tenemos un muy buen motivo para celebrar: el maestro Daniel Barenboim cumple 79 a\u00f1os inmerso en una intensa actividad musical, ofreciendo conciertos y recitales en diversos escenarios europeos, y cerrando noviembre con un concierto ben\u00e9fico a favor de los refugiados de la ONU en la Sala Pierre Boulez de Berl\u00edn. \u00a1Felicidades, maestro!<\/p>\n<p>Os deseamos un muy feliz noviembre a todos y todas.<\/p>\n","protected":false},"excerpt":{"rendered":"<p>El inicio del mes de noviembre siempre llega a la Fundaci\u00f3n Barenboim-Said con un aire de melancol\u00eda, ya que el 1 de noviembre hubiera sido el cumplea\u00f1os de nuestro fundador Edward Said, quien habr\u00eda cumplido 86 a\u00f1os hoy. Su figura, sus ideas y su forma de entender y explicar la realidad nos faltan hoy especialmente, [&hellip;]<\/p>\n","protected":false},"author":5,"featured_media":28342,"comment_status":"closed","ping_status":"open","sticky":false,"template":"","format":"standard","meta":{"footnotes":""},"categories":[24],"tags":[],"class_list":["post-28325","post","type-post","status-publish","format-standard","has-post-thumbnail","hentry","category-sin-categoria"],"_links":{"self":[{"href":"https:\/\/barenboim-said.org\/en\/wp-json\/wp\/v2\/posts\/28325","targetHints":{"allow":["GET"]}}],"collection":[{"href":"https:\/\/barenboim-said.org\/en\/wp-json\/wp\/v2\/posts"}],"about":[{"href":"https:\/\/barenboim-said.org\/en\/wp-json\/wp\/v2\/types\/post"}],"author":[{"embeddable":true,"href":"https:\/\/barenboim-said.org\/en\/wp-json\/wp\/v2\/users\/5"}],"replies":[{"embeddable":true,"href":"https:\/\/barenboim-said.org\/en\/wp-json\/wp\/v2\/comments?post=28325"}],"version-history":[{"count":0,"href":"https:\/\/barenboim-said.org\/en\/wp-json\/wp\/v2\/posts\/28325\/revisions"}],"wp:featuredmedia":[{"embeddable":true,"href":"https:\/\/barenboim-said.org\/en\/wp-json\/wp\/v2\/media\/28342"}],"wp:attachment":[{"href":"https:\/\/barenboim-said.org\/en\/wp-json\/wp\/v2\/media?parent=28325"}],"wp:term":[{"taxonomy":"category","embeddable":true,"href":"https:\/\/barenboim-said.org\/en\/wp-json\/wp\/v2\/categories?post=28325"},{"taxonomy":"post_tag","embeddable":true,"href":"https:\/\/barenboim-said.org\/en\/wp-json\/wp\/v2\/tags?post=28325"}],"curies":[{"name":"wp","href":"https:\/\/api.w.org\/{rel}","templated":true}]}}