{"id":27855,"date":"2021-09-10T12:23:56","date_gmt":"2021-09-10T10:23:56","guid":{"rendered":"https:\/\/barenboim-said.org\/?p=27855"},"modified":"2022-09-22T17:06:24","modified_gmt":"2022-09-22T15:06:24","slug":"cim-almeria","status":"publish","type":"post","link":"https:\/\/barenboim-said.org\/en\/cim-almeria\/","title":{"rendered":"Curso de iniciaci\u00f3n a la m\u00fasica en Almer\u00eda"},"content":{"rendered":"<p>La Fundaci\u00f3n P\u00fablica Andaluza Barenboim-Said, adscrita a la Consejer\u00eda de la Presidencia, Administraci\u00f3n P\u00fablica e Interior, ha impartido por sexta vez en Almer\u00eda un curso de iniciaci\u00f3n a la m\u00fasica para acercar a los ni\u00f1os y ni\u00f1as al universo instrumental y despertar su inter\u00e9s por la m\u00fasica. En este curso han participado 48 escolares, y se ha celebrado desde el lunes 6 hasta el jueves 9 de septiembre en el Real Conservatorio Profesional de M\u00fasica de Almer\u00eda, gracias a la colaboraci\u00f3n de este centro educativo.<\/p>\n<p>El curso ha sido impartido por docentes especialistas en educaci\u00f3n musical infantil de la Fundaci\u00f3n Barenboim-Said en horario de 9:30 a 14:00. Con esta iniciativa la Fundaci\u00f3n pretende tambi\u00e9n contribuir a la conciliaci\u00f3n familiar y laboral durante los \u00faltimos d\u00edas de las vacaciones escolares de verano, por lo que ha puesto a disposici\u00f3n de las familias un aula matinal gratuita de 8:30 a 9:30, y la recogida se ha realizado entre las 14:00 y las 14:30.<\/p>\n<p>En esta edici\u00f3n han participado escolares entre los 6 y los 12 a\u00f1os. Para inscribirse no era necesario tener formaci\u00f3n musical previa, ya que durante el curso el profesorado de la Fundaci\u00f3n ha ense\u00f1ado de una manera l\u00fadica y enfocada a las edades de los asistentes nociones elementales de educaci\u00f3n musical y conocimientos b\u00e1sicos de la t\u00e9cnica instrumental del piano, el viol\u00edn y la percusi\u00f3n, as\u00ed como de expresi\u00f3n musical. Todas las plazas del curso se han cubierto, y la valoraci\u00f3n del mismo ha sido muy positiva: un 70 % de los participantes lo ha puntuado con un 10.<\/p>\n<p>Como es habitual en estos cursos, y con el objetivo de favorecer la accesibilidad de todas las familias, la Fundaci\u00f3n ha ofrecido bonificaciones del 100% de la matr\u00edcula a familias con ambos progenitores o monoparentales que acrediten situaci\u00f3n de desempleo, as\u00ed como un descuento del 15% para hermanos y hermanas.<\/p>\n<p>&nbsp;<\/p>\n","protected":false},"excerpt":{"rendered":"<p>La Fundaci\u00f3n P\u00fablica Andaluza Barenboim-Said, adscrita a la Consejer\u00eda de la Presidencia, Administraci\u00f3n P\u00fablica e Interior, ha impartido por sexta vez en Almer\u00eda un curso de iniciaci\u00f3n a la m\u00fasica para acercar a los ni\u00f1os y ni\u00f1as al universo instrumental y despertar su inter\u00e9s por la m\u00fasica. En este curso han participado 48 escolares, y [&hellip;]<\/p>\n","protected":false},"author":5,"featured_media":27856,"comment_status":"closed","ping_status":"open","sticky":false,"template":"","format":"standard","meta":{"footnotes":""},"categories":[21],"tags":[],"class_list":["post-27855","post","type-post","status-publish","format-standard","has-post-thumbnail","hentry","category-academia-de-estudios-orquestales"],"_links":{"self":[{"href":"https:\/\/barenboim-said.org\/en\/wp-json\/wp\/v2\/posts\/27855","targetHints":{"allow":["GET"]}}],"collection":[{"href":"https:\/\/barenboim-said.org\/en\/wp-json\/wp\/v2\/posts"}],"about":[{"href":"https:\/\/barenboim-said.org\/en\/wp-json\/wp\/v2\/types\/post"}],"author":[{"embeddable":true,"href":"https:\/\/barenboim-said.org\/en\/wp-json\/wp\/v2\/users\/5"}],"replies":[{"embeddable":true,"href":"https:\/\/barenboim-said.org\/en\/wp-json\/wp\/v2\/comments?post=27855"}],"version-history":[{"count":0,"href":"https:\/\/barenboim-said.org\/en\/wp-json\/wp\/v2\/posts\/27855\/revisions"}],"wp:featuredmedia":[{"embeddable":true,"href":"https:\/\/barenboim-said.org\/en\/wp-json\/wp\/v2\/media\/27856"}],"wp:attachment":[{"href":"https:\/\/barenboim-said.org\/en\/wp-json\/wp\/v2\/media?parent=27855"}],"wp:term":[{"taxonomy":"category","embeddable":true,"href":"https:\/\/barenboim-said.org\/en\/wp-json\/wp\/v2\/categories?post=27855"},{"taxonomy":"post_tag","embeddable":true,"href":"https:\/\/barenboim-said.org\/en\/wp-json\/wp\/v2\/tags?post=27855"}],"curies":[{"name":"wp","href":"https:\/\/api.w.org\/{rel}","templated":true}]}}